{"id":2224,"date":"2022-04-06T14:40:22","date_gmt":"2022-04-06T12:40:22","guid":{"rendered":"https:\/\/qualivcommunication.com\/?p=2224"},"modified":"2022-04-21T17:52:57","modified_gmt":"2022-04-21T15:52:57","slug":"film-la-memoire-qui-flanche-olivier-barthelemy","status":"publish","type":"post","link":"https:\/\/qualivcommunication.com\/index.php\/2022\/04\/06\/film-la-memoire-qui-flanche-olivier-barthelemy\/","title":{"rendered":"Film la m\u00e9moire qui Flanche &#8211; Olivier Barth\u00e9l\u00e9my"},"content":{"rendered":"\t\t<div data-elementor-type=\"wp-post\" data-elementor-id=\"2224\" class=\"elementor elementor-2224\">\n\t\t\t\t\t\t<section class=\"elementor-section elementor-top-section elementor-element elementor-element-0e13896 elementor-section-boxed elementor-section-height-default elementor-section-height-default\" data-id=\"0e13896\" data-element_type=\"section\">\n\t\t\t\t\t\t<div class=\"elementor-container elementor-column-gap-default\">\n\t\t\t\t\t<div class=\"elementor-column elementor-col-100 elementor-top-column elementor-element elementor-element-3ad9a1d\" data-id=\"3ad9a1d\" data-element_type=\"column\">\n\t\t\t<div class=\"elementor-widget-wrap elementor-element-populated\">\n\t\t\t\t\t\t<div class=\"elementor-element elementor-element-5d070c7 elementor-widget elementor-widget-heading\" data-id=\"5d070c7\" data-element_type=\"widget\" data-widget_type=\"heading.default\">\n\t\t\t\t<div class=\"elementor-widget-container\">\n\t\t\t\t\t<h2 class=\"elementor-heading-title elementor-size-default\">Maladie d'Alzheimer et place des \u00e9motions dans la communication<\/h2>\t\t\t\t<\/div>\n\t\t\t\t<\/div>\n\t\t\t\t<div class=\"elementor-element elementor-element-123a82b elementor-widget-divider--view-line elementor-widget elementor-widget-divider\" data-id=\"123a82b\" data-element_type=\"widget\" data-widget_type=\"divider.default\">\n\t\t\t\t<div class=\"elementor-widget-container\">\n\t\t\t\t\t\t\t<div class=\"elementor-divider\">\n\t\t\t<span class=\"elementor-divider-separator\">\n\t\t\t\t\t\t<\/span>\n\t\t<\/div>\n\t\t\t\t\t\t<\/div>\n\t\t\t\t<\/div>\n\t\t\t\t<div class=\"elementor-element elementor-element-884311a elementor-widget elementor-widget-heading\" data-id=\"884311a\" data-element_type=\"widget\" data-widget_type=\"heading.default\">\n\t\t\t\t<div class=\"elementor-widget-container\">\n\t\t\t\t\t<h2 class=\"elementor-heading-title elementor-size-default\">R\u00e9flexion inspir\u00e9 du film \"la m\u00e9moire qui flanche\" de Olivier Barth\u00e9l\u00e9my<\/h2>\t\t\t\t<\/div>\n\t\t\t\t<\/div>\n\t\t\t\t<div class=\"elementor-element elementor-element-57531d0 elementor-widget elementor-widget-text-editor\" data-id=\"57531d0\" data-element_type=\"widget\" data-widget_type=\"text-editor.default\">\n\t\t\t\t<div class=\"elementor-widget-container\">\n\t\t\t\t\t\t\t\t\t<p>Pr\u00e9sent\u00e9 lors de l&rsquo;\u00e9mission strip-tease sur France 3 en 2010<\/p>\t\t\t\t\t\t\t\t<\/div>\n\t\t\t\t<\/div>\n\t\t\t\t\t<\/div>\n\t\t<\/div>\n\t\t\t\t\t<\/div>\n\t\t<\/section>\n\t\t\t\t<section class=\"elementor-section elementor-top-section elementor-element elementor-element-adda333 elementor-section-boxed elementor-section-height-default elementor-section-height-default\" data-id=\"adda333\" data-element_type=\"section\">\n\t\t\t\t\t\t<div class=\"elementor-container elementor-column-gap-default\">\n\t\t\t\t\t<div class=\"elementor-column elementor-col-100 elementor-top-column elementor-element elementor-element-3474dbd\" data-id=\"3474dbd\" data-element_type=\"column\">\n\t\t\t<div class=\"elementor-widget-wrap elementor-element-populated\">\n\t\t\t\t\t\t<div class=\"elementor-element elementor-element-b4700f7 elementor-widget elementor-widget-text-editor\" data-id=\"b4700f7\" data-element_type=\"widget\" data-widget_type=\"text-editor.default\">\n\t\t\t\t<div class=\"elementor-widget-container\">\n\t\t\t\t\t\t\t\t\t<p>Nous sommes tr\u00e8s heureux de partager avec vous le lancement de notre organisme de formation. Nous avons tr\u00e8s envie de mettre notre exp\u00e9rience, notre expertise, notre cr\u00e9ativit\u00e9 au service de la conception et de l\u2019animation de nos formations. Le travail aupr\u00e8s des personnes Alzheimer a beaucoup nourri nos id\u00e9es sur la communication. Pour notre premi\u00e8re publication sur notre site, nous voulons partager avec vous l\u2019une de nos r\u00e9flexions \u00e0 ce sujet.<\/p>\t\t\t\t\t\t\t\t<\/div>\n\t\t\t\t<\/div>\n\t\t\t\t\t<\/div>\n\t\t<\/div>\n\t\t\t\t\t<\/div>\n\t\t<\/section>\n\t\t\t\t<section class=\"elementor-section elementor-top-section elementor-element elementor-element-0330a1d elementor-section-boxed elementor-section-height-default elementor-section-height-default\" data-id=\"0330a1d\" data-element_type=\"section\">\n\t\t\t\t\t\t<div class=\"elementor-container elementor-column-gap-default\">\n\t\t\t\t\t<div class=\"elementor-column elementor-col-100 elementor-top-column elementor-element elementor-element-eed4495\" data-id=\"eed4495\" data-element_type=\"column\">\n\t\t\t<div class=\"elementor-widget-wrap elementor-element-populated\">\n\t\t\t\t\t\t<div class=\"elementor-element elementor-element-c9823ea elementor-widget elementor-widget-text-editor\" data-id=\"c9823ea\" data-element_type=\"widget\" data-widget_type=\"text-editor.default\">\n\t\t\t\t<div class=\"elementor-widget-container\">\n\t\t\t\t\t\t\t\t\t<p>Le film d\u2019Ollivier Barth\u00e9l\u00e9my \u00ab la m\u00e9moire qui flanche \u00bb, nous propose d\u2019entrer un instant dans l\u2019univers de sa grand-m\u00e8re. Nous suivons cette dame Alzheimer dans sa maison, son jardin, au moment de son entr\u00e9e en EHPAD. Ce film est un magnifique t\u00e9moignage, des m\u00e9andres int\u00e9rieurs, des interrogations, des modifications du rapport \u00e0 l\u2019espace-temps et du rapport aux autres engendr\u00e9s par les perturbations au c\u0153ur du cerveau que provoque la maladie.<\/p>\n<p>Une s\u00e9quence de ce film nous montre cette dame qui cherche \u00e0 savoir o\u00f9 sont pass\u00e9s ses parents, alors que ces derniers sont d\u00e9c\u00e9d\u00e9s. Elle ne voulait pas qu\u2019on les enterre, elle voulait les garder avec elle. Ce \u00e0 quoi sa fille est amen\u00e9e \u00e0 lui r\u00e9pondre que quand on est mort n\u2019a pas d\u2019autres choix que d\u2019\u00eatre enterr\u00e9. Ce dialogue un peu surr\u00e9aliste met en lumi\u00e8re l\u2019\u00e9vidence de la place des \u00e9motions dans le fonctionnement des personnes Alzheimer.<\/p>\n<p>Lorsqu\u2019un proche d\u00e9c\u00e8de, bien s\u00fbr que l\u2019on souhaiterait le garder, mais la rationalisation nous ram\u00e8ne \u00e0 la raison. Les troubles cognitifs bousculent l\u2019articulation habituelle entre rationalisation et \u00e9motion pour donner un champ beaucoup plus libre \u00e0 l\u2019expression des v\u00e9cus et ressentis.<\/p>\n<p>Cette petite s\u00e9quence, un temps suspendu de la vie de cette femme, anime notre r\u00e9flexion sur la mani\u00e8re dont nous articulons, dans la vie de tous les jours, fonctionnement rationnel et fonctionnement \u00e9motionnel dans la communication.<\/p>\n<p>Parfois, nous pensons mettre nos \u00e9motions de c\u00f4t\u00e9 dans la relation alors que pourtant celles-ci sont bel et bien pr\u00e9sentes. Soubassement de l\u2019int\u00e9gration des apports non verbaux de la communication, les \u00e9motions enrichissent et aident notre compr\u00e9hension. Elles ajoutent aussi tout un aspect subjectif de d\u00e9codage du v\u00e9cu de l\u2019autre. Elles pourront \u00eatre un frein ou au contraire un facilitateur de l\u2019\u00e9change. Notre observation de la communication avec les personnes Alzheimer nous am\u00e8ne \u00e0 penser que cet aspect d\u00e9pend de la position dans laquelle la personne se trouve par rapport \u00e0 son \u00e9motion. Nous avons pu d\u00e9gager 3 positions.<span style=\"font-size: inherit; letter-spacing: -0.015em; text-align: inherit;\">&nbsp;<\/span><\/p>\t\t\t\t\t\t\t\t<\/div>\n\t\t\t\t<\/div>\n\t\t\t\t<div class=\"elementor-element elementor-element-262c05c elementor-widget elementor-widget-eael-feature-list\" data-id=\"262c05c\" data-element_type=\"widget\" data-widget_type=\"eael-feature-list.default\">\n\t\t\t\t<div class=\"elementor-widget-container\">\n\t\t\t\t\t\t\t<div class=\"-icon-position-left -tablet-icon-position-left -mobile-icon-position-left\">\n\t\t\t<ul id=\"eael-feature-list-262c05c\" class=\"eael-feature-list-items circle stacked  eael-feature-list-vertical\">\n\t\t\t                <li class=\"eael-feature-list-item elementor-repeater-item-3709135\">\n                    \n\t\t\t\t\t\t<div class=\"eael-feature-list-icon-box\">\n\t\t\t\t\t\t\t<div class=\"eael-feature-list-icon-inner\">\n\n\t\t\t\t\t\t\t\t<span class=\"eael-feature-list-icon fl-icon-0\">\n\n\t\t<i aria-hidden=\"true\" class=\"fas fa-check\"><\/i>\t\t\t\t\t\t\t\t<\/span>\n\t\t\t\t\t\t\t<\/div>\n\t\t\t\t\t\t<\/div>\n\t\t\t\t\t\t<div class=\"eael-feature-list-content-box\">\n                            <h2 class=\"eael-feature-list-title\">Position n\u00b01<\/h2>\t\t\t\t\t\t<p class=\"eael-feature-list-content\">Moi et mon \u00e9motion ne faisons qu'un. C\u2019est-\u00e0-dire que je suis compl\u00e8tement pris dans mon \u00e9motion, je suis envahie par elle. Il n\u2019y a plus d\u2019espace entre elle et moi. Cela est parfois tr\u00e8s utile. Par exemple, en situation de danger, je suis pleinement dans mon \u00e9motion et je pars en courant. Ce qui alors me permet de r\u00e9agir vite. Mais la position d'\u00eatre compl\u00e8tement pris dans son \u00e9motion peut aussi \u00eatre tr\u00e8s entravante dans la communication lorsque celle-ci bloque l\u2019espace de circulation.<\/p>\n\t\t\t\t\t\t<\/div>\n\n\t\t\t\t\t<\/li>\n\t\t\t\t                <li class=\"eael-feature-list-item elementor-repeater-item-23c847c\">\n                    \n\t\t\t\t\t\t<div class=\"eael-feature-list-icon-box\">\n\t\t\t\t\t\t\t<div class=\"eael-feature-list-icon-inner\">\n\n\t\t\t\t\t\t\t\t<span class=\"eael-feature-list-icon fl-icon-1\">\n\n\t\t<i aria-hidden=\"true\" class=\"fas fa-times\"><\/i>\t\t\t\t\t\t\t\t<\/span>\n\t\t\t\t\t\t\t<\/div>\n\t\t\t\t\t\t<\/div>\n\t\t\t\t\t\t<div class=\"eael-feature-list-content-box\">\n                            <h2 class=\"eael-feature-list-title\">Position n\u00b02<\/h2>\t\t\t\t\t\t<p class=\"eael-feature-list-content\">L\u2019\u00e9motion me traverse, je traverse mon \u00e9motion. Il y a un jeu entre moi et l\u2019\u00e9motion, de la place pour la r\u00e9flexion, l\u2019analyse, l\u2019\u00e9change. Il y a surtout la possibilit\u00e9 que celle-ci \u00e9volue, se transforme.\n<\/p>\n\t\t\t\t\t\t<\/div>\n\n\t\t\t\t\t<\/li>\n\t\t\t\t                <li class=\"eael-feature-list-item elementor-repeater-item-4f50749\">\n                    \n\t\t\t\t\t\t<div class=\"eael-feature-list-icon-box\">\n\t\t\t\t\t\t\t<div class=\"eael-feature-list-icon-inner\">\n\n\t\t\t\t\t\t\t\t<span class=\"eael-feature-list-icon fl-icon-2\">\n\n\t\t<i aria-hidden=\"true\" class=\"fas fa-anchor\"><\/i>\t\t\t\t\t\t\t\t<\/span>\n\t\t\t\t\t\t\t<\/div>\n\t\t\t\t\t\t<\/div>\n\t\t\t\t\t\t<div class=\"eael-feature-list-content-box\">\n                            <h2 class=\"eael-feature-list-title\">Position n\u00b03<\/h2>\t\t\t\t\t\t<p class=\"eael-feature-list-content\">Je suis impact\u00e9 par une \u00e9motion sans pour autant m\u2019en rendre compte. C\u2019est un peu comme si l\u2019\u00e9motion \u0153uvrait \u00e0 l\u2019int\u00e9rieur de moi en sous-marin. \n<\/p>\n\t\t\t\t\t\t<\/div>\n\n\t\t\t\t\t<\/li>\n\t\t\t\t\t\t\t<\/ul>\n\t\t<\/div>\n\t\t\t\t\t\t<\/div>\n\t\t\t\t<\/div>\n\t\t\t\t<div class=\"elementor-element elementor-element-5cf4c29 elementor-widget elementor-widget-text-editor\" data-id=\"5cf4c29\" data-element_type=\"widget\" data-widget_type=\"text-editor.default\">\n\t\t\t\t<div class=\"elementor-widget-container\">\n\t\t\t\t\t\t\t\t\t<p>Si les \u00e9motions servent \u00e0 notre survie, elle joue aussi un r\u00f4le social fondamental, car nous sommes des \u00eatres dou\u00e9s pour percevoir les \u00e9motions de l\u2019autre. L\u2019\u00e9motion lorsqu\u2019elle est pleinement travers\u00e9e nous apporte un soulagement, l\u2019acc\u00e8s \u00e0 de nouvelles repr\u00e9sentations, l\u2019int\u00e9gration d\u2019une nouvelle configuration du paysage int\u00e9rieur, la possibilit\u00e9 de passer \u00e0 autre chose.<\/p><p>Nous comprenons que s\u2019ouvre ici tout un champ \u00e0 explorer pour savoir comment accompagner les \u00e9motions dans la communication. Un champ \u00e0 explorer tout autant dans la capacit\u00e9 de pouvoir rep\u00e9rer dans quelle position on se trouve \u00e0 un instant donn\u00e9 et de pouvoir passer d\u2019une position \u00e0 une autre, mais aussi d\u2019aider l\u2019autre \u00e0 utiliser pleinement la fonction de soulagement qu\u2019apporte l\u2019expression \u00e9motionnelle.<\/p>\t\t\t\t\t\t\t\t<\/div>\n\t\t\t\t<\/div>\n\t\t\t\t\t<\/div>\n\t\t<\/div>\n\t\t\t\t\t<\/div>\n\t\t<\/section>\n\t\t\t\t<section class=\"elementor-section elementor-top-section elementor-element elementor-element-12808e6 elementor-section-boxed elementor-section-height-default elementor-section-height-default\" data-id=\"12808e6\" data-element_type=\"section\">\n\t\t\t\t\t\t<div class=\"elementor-container elementor-column-gap-default\">\n\t\t\t\t\t<div class=\"elementor-column elementor-col-100 elementor-top-column elementor-element elementor-element-af860cc\" data-id=\"af860cc\" data-element_type=\"column\">\n\t\t\t<div class=\"elementor-widget-wrap\">\n\t\t\t\t\t\t\t<\/div>\n\t\t<\/div>\n\t\t\t\t\t<\/div>\n\t\t<\/section>\n\t\t\t\t<\/div>\n\t\t","protected":false},"excerpt":{"rendered":"<p>Maladie d&rsquo;Alzheimer et place des \u00e9motions dans la communication R\u00e9flexion inspir\u00e9 du film \u00ab\u00a0la m\u00e9moire qui flanche\u00a0\u00bb de Olivier Barth\u00e9l\u00e9my Pr\u00e9sent\u00e9 lors de l&rsquo;\u00e9mission strip-tease sur France 3 en 2010 Nous sommes tr\u00e8s heureux de partager avec vous le lancement de notre organisme de formation. Nous avons tr\u00e8s envie de mettre notre exp\u00e9rience, notre expertise, [&hellip;]<\/p>\n","protected":false},"author":1,"featured_media":0,"comment_status":"open","ping_status":"open","sticky":false,"template":"","format":"standard","meta":{"_monsterinsights_skip_tracking":false,"_monsterinsights_sitenote_active":false,"_monsterinsights_sitenote_note":"","_monsterinsights_sitenote_category":0,"_glsr_average":0,"_glsr_ranking":0,"_glsr_reviews":0,"footnotes":""},"categories":[5],"tags":[],"class_list":["post-2224","post","type-post","status-publish","format-standard","hentry","category-article"],"yoast_head":"<!-- This site is optimized with the Yoast SEO plugin v24.5 - https:\/\/yoast.com\/wordpress\/plugins\/seo\/ -->\n<title>Film la m\u00e9moire qui Flanche - Olivier Barth\u00e9l\u00e9my - Quali V Communication<\/title>\n<meta name=\"robots\" content=\"index, follow, max-snippet:-1, max-image-preview:large, max-video-preview:-1\" \/>\n<link rel=\"canonical\" href=\"https:\/\/qualivcommunication.com\/index.php\/2022\/04\/06\/film-la-memoire-qui-flanche-olivier-barthelemy\/\" \/>\n<meta property=\"og:locale\" content=\"fr_FR\" \/>\n<meta property=\"og:type\" content=\"article\" \/>\n<meta property=\"og:title\" content=\"Film la m\u00e9moire qui Flanche - Olivier Barth\u00e9l\u00e9my - Quali V Communication\" \/>\n<meta property=\"og:description\" content=\"Maladie d&rsquo;Alzheimer et place des \u00e9motions dans la communication R\u00e9flexion inspir\u00e9 du film \u00ab\u00a0la m\u00e9moire qui flanche\u00a0\u00bb de Olivier Barth\u00e9l\u00e9my Pr\u00e9sent\u00e9 lors de l&rsquo;\u00e9mission strip-tease sur France 3 en 2010 Nous sommes tr\u00e8s heureux de partager avec vous le lancement de notre organisme de formation. Nous avons tr\u00e8s envie de mettre notre exp\u00e9rience, notre expertise, [&hellip;]\" \/>\n<meta property=\"og:url\" content=\"https:\/\/qualivcommunication.com\/index.php\/2022\/04\/06\/film-la-memoire-qui-flanche-olivier-barthelemy\/\" \/>\n<meta property=\"og:site_name\" content=\"Quali V Communication\" \/>\n<meta property=\"article:publisher\" content=\"https:\/\/www.facebook.com\/Qualivcommunication\/\" \/>\n<meta property=\"article:published_time\" content=\"2022-04-06T12:40:22+00:00\" \/>\n<meta property=\"article:modified_time\" content=\"2022-04-21T15:52:57+00:00\" \/>\n<meta name=\"author\" content=\"Quali V Communication\" \/>\n<meta name=\"twitter:card\" content=\"summary_large_image\" \/>\n<meta name=\"twitter:label1\" content=\"\u00c9crit par\" \/>\n\t<meta name=\"twitter:data1\" content=\"Quali V Communication\" \/>\n\t<meta name=\"twitter:label2\" content=\"Dur\u00e9e de lecture estim\u00e9e\" \/>\n\t<meta name=\"twitter:data2\" content=\"4 minutes\" \/>\n<script type=\"application\/ld+json\" class=\"yoast-schema-graph\">{\"@context\":\"https:\/\/schema.org\",\"@graph\":[{\"@type\":\"Article\",\"@id\":\"https:\/\/qualivcommunication.com\/index.php\/2022\/04\/06\/film-la-memoire-qui-flanche-olivier-barthelemy\/#article\",\"isPartOf\":{\"@id\":\"https:\/\/qualivcommunication.com\/index.php\/2022\/04\/06\/film-la-memoire-qui-flanche-olivier-barthelemy\/\"},\"author\":{\"name\":\"Quali V Communication\",\"@id\":\"https:\/\/qualivcommunication.com\/#\/schema\/person\/62892caf089a940b6f30b99830a42cc7\"},\"headline\":\"Film la m\u00e9moire qui Flanche &#8211; Olivier Barth\u00e9l\u00e9my\",\"datePublished\":\"2022-04-06T12:40:22+00:00\",\"dateModified\":\"2022-04-21T15:52:57+00:00\",\"mainEntityOfPage\":{\"@id\":\"https:\/\/qualivcommunication.com\/index.php\/2022\/04\/06\/film-la-memoire-qui-flanche-olivier-barthelemy\/\"},\"wordCount\":792,\"commentCount\":0,\"publisher\":{\"@id\":\"https:\/\/qualivcommunication.com\/#organization\"},\"articleSection\":[\"Article\"],\"inLanguage\":\"fr-FR\",\"potentialAction\":[{\"@type\":\"CommentAction\",\"name\":\"Comment\",\"target\":[\"https:\/\/qualivcommunication.com\/index.php\/2022\/04\/06\/film-la-memoire-qui-flanche-olivier-barthelemy\/#respond\"]}]},{\"@type\":\"WebPage\",\"@id\":\"https:\/\/qualivcommunication.com\/index.php\/2022\/04\/06\/film-la-memoire-qui-flanche-olivier-barthelemy\/\",\"url\":\"https:\/\/qualivcommunication.com\/index.php\/2022\/04\/06\/film-la-memoire-qui-flanche-olivier-barthelemy\/\",\"name\":\"Film la m\u00e9moire qui Flanche - Olivier Barth\u00e9l\u00e9my - Quali V Communication\",\"isPartOf\":{\"@id\":\"https:\/\/qualivcommunication.com\/#website\"},\"datePublished\":\"2022-04-06T12:40:22+00:00\",\"dateModified\":\"2022-04-21T15:52:57+00:00\",\"breadcrumb\":{\"@id\":\"https:\/\/qualivcommunication.com\/index.php\/2022\/04\/06\/film-la-memoire-qui-flanche-olivier-barthelemy\/#breadcrumb\"},\"inLanguage\":\"fr-FR\",\"potentialAction\":[{\"@type\":\"ReadAction\",\"target\":[\"https:\/\/qualivcommunication.com\/index.php\/2022\/04\/06\/film-la-memoire-qui-flanche-olivier-barthelemy\/\"]}]},{\"@type\":\"BreadcrumbList\",\"@id\":\"https:\/\/qualivcommunication.com\/index.php\/2022\/04\/06\/film-la-memoire-qui-flanche-olivier-barthelemy\/#breadcrumb\",\"itemListElement\":[{\"@type\":\"ListItem\",\"position\":1,\"name\":\"Accueil\",\"item\":\"https:\/\/qualivcommunication.com\/\"},{\"@type\":\"ListItem\",\"position\":2,\"name\":\"Film la m\u00e9moire qui Flanche &#8211; Olivier Barth\u00e9l\u00e9my\"}]},{\"@type\":\"WebSite\",\"@id\":\"https:\/\/qualivcommunication.com\/#website\",\"url\":\"https:\/\/qualivcommunication.com\/\",\"name\":\"Quali V Communication\",\"description\":\"\",\"publisher\":{\"@id\":\"https:\/\/qualivcommunication.com\/#organization\"},\"potentialAction\":[{\"@type\":\"SearchAction\",\"target\":{\"@type\":\"EntryPoint\",\"urlTemplate\":\"https:\/\/qualivcommunication.com\/?s={search_term_string}\"},\"query-input\":{\"@type\":\"PropertyValueSpecification\",\"valueRequired\":true,\"valueName\":\"search_term_string\"}}],\"inLanguage\":\"fr-FR\"},{\"@type\":\"Organization\",\"@id\":\"https:\/\/qualivcommunication.com\/#organization\",\"name\":\"Quali V Communication\",\"url\":\"https:\/\/qualivcommunication.com\/\",\"logo\":{\"@type\":\"ImageObject\",\"inLanguage\":\"fr-FR\",\"@id\":\"https:\/\/qualivcommunication.com\/#\/schema\/logo\/image\/\",\"url\":\"https:\/\/qualivcommunication.com\/wp-content\/uploads\/2021\/01\/Quali-V-couleur.jpg\",\"contentUrl\":\"https:\/\/qualivcommunication.com\/wp-content\/uploads\/2021\/01\/Quali-V-couleur.jpg\",\"width\":1905,\"height\":1091,\"caption\":\"Quali V Communication\"},\"image\":{\"@id\":\"https:\/\/qualivcommunication.com\/#\/schema\/logo\/image\/\"},\"sameAs\":[\"https:\/\/www.facebook.com\/Qualivcommunication\/\",\"https:\/\/www.instagram.com\/quali_v_communication\/\"]},{\"@type\":\"Person\",\"@id\":\"https:\/\/qualivcommunication.com\/#\/schema\/person\/62892caf089a940b6f30b99830a42cc7\",\"name\":\"Quali V Communication\",\"image\":{\"@type\":\"ImageObject\",\"inLanguage\":\"fr-FR\",\"@id\":\"https:\/\/qualivcommunication.com\/#\/schema\/person\/image\/\",\"url\":\"https:\/\/secure.gravatar.com\/avatar\/23122e266cbf42f347415c02c307f6a2?s=96&d=mm&r=g\",\"contentUrl\":\"https:\/\/secure.gravatar.com\/avatar\/23122e266cbf42f347415c02c307f6a2?s=96&d=mm&r=g\",\"caption\":\"Quali V Communication\"},\"sameAs\":[\"http:\/\/qualivcommunication.com\"],\"url\":\"https:\/\/qualivcommunication.com\/index.php\/author\/admin4734\/\"}]}<\/script>\n<!-- \/ Yoast SEO plugin. -->","yoast_head_json":{"title":"Film la m\u00e9moire qui Flanche - Olivier Barth\u00e9l\u00e9my - Quali V Communication","robots":{"index":"index","follow":"follow","max-snippet":"max-snippet:-1","max-image-preview":"max-image-preview:large","max-video-preview":"max-video-preview:-1"},"canonical":"https:\/\/qualivcommunication.com\/index.php\/2022\/04\/06\/film-la-memoire-qui-flanche-olivier-barthelemy\/","og_locale":"fr_FR","og_type":"article","og_title":"Film la m\u00e9moire qui Flanche - Olivier Barth\u00e9l\u00e9my - Quali V Communication","og_description":"Maladie d&rsquo;Alzheimer et place des \u00e9motions dans la communication R\u00e9flexion inspir\u00e9 du film \u00ab\u00a0la m\u00e9moire qui flanche\u00a0\u00bb de Olivier Barth\u00e9l\u00e9my Pr\u00e9sent\u00e9 lors de l&rsquo;\u00e9mission strip-tease sur France 3 en 2010 Nous sommes tr\u00e8s heureux de partager avec vous le lancement de notre organisme de formation. Nous avons tr\u00e8s envie de mettre notre exp\u00e9rience, notre expertise, [&hellip;]","og_url":"https:\/\/qualivcommunication.com\/index.php\/2022\/04\/06\/film-la-memoire-qui-flanche-olivier-barthelemy\/","og_site_name":"Quali V Communication","article_publisher":"https:\/\/www.facebook.com\/Qualivcommunication\/","article_published_time":"2022-04-06T12:40:22+00:00","article_modified_time":"2022-04-21T15:52:57+00:00","author":"Quali V Communication","twitter_card":"summary_large_image","twitter_misc":{"\u00c9crit par":"Quali V Communication","Dur\u00e9e de lecture estim\u00e9e":"4 minutes"},"schema":{"@context":"https:\/\/schema.org","@graph":[{"@type":"Article","@id":"https:\/\/qualivcommunication.com\/index.php\/2022\/04\/06\/film-la-memoire-qui-flanche-olivier-barthelemy\/#article","isPartOf":{"@id":"https:\/\/qualivcommunication.com\/index.php\/2022\/04\/06\/film-la-memoire-qui-flanche-olivier-barthelemy\/"},"author":{"name":"Quali V Communication","@id":"https:\/\/qualivcommunication.com\/#\/schema\/person\/62892caf089a940b6f30b99830a42cc7"},"headline":"Film la m\u00e9moire qui Flanche &#8211; Olivier Barth\u00e9l\u00e9my","datePublished":"2022-04-06T12:40:22+00:00","dateModified":"2022-04-21T15:52:57+00:00","mainEntityOfPage":{"@id":"https:\/\/qualivcommunication.com\/index.php\/2022\/04\/06\/film-la-memoire-qui-flanche-olivier-barthelemy\/"},"wordCount":792,"commentCount":0,"publisher":{"@id":"https:\/\/qualivcommunication.com\/#organization"},"articleSection":["Article"],"inLanguage":"fr-FR","potentialAction":[{"@type":"CommentAction","name":"Comment","target":["https:\/\/qualivcommunication.com\/index.php\/2022\/04\/06\/film-la-memoire-qui-flanche-olivier-barthelemy\/#respond"]}]},{"@type":"WebPage","@id":"https:\/\/qualivcommunication.com\/index.php\/2022\/04\/06\/film-la-memoire-qui-flanche-olivier-barthelemy\/","url":"https:\/\/qualivcommunication.com\/index.php\/2022\/04\/06\/film-la-memoire-qui-flanche-olivier-barthelemy\/","name":"Film la m\u00e9moire qui Flanche - Olivier Barth\u00e9l\u00e9my - Quali V Communication","isPartOf":{"@id":"https:\/\/qualivcommunication.com\/#website"},"datePublished":"2022-04-06T12:40:22+00:00","dateModified":"2022-04-21T15:52:57+00:00","breadcrumb":{"@id":"https:\/\/qualivcommunication.com\/index.php\/2022\/04\/06\/film-la-memoire-qui-flanche-olivier-barthelemy\/#breadcrumb"},"inLanguage":"fr-FR","potentialAction":[{"@type":"ReadAction","target":["https:\/\/qualivcommunication.com\/index.php\/2022\/04\/06\/film-la-memoire-qui-flanche-olivier-barthelemy\/"]}]},{"@type":"BreadcrumbList","@id":"https:\/\/qualivcommunication.com\/index.php\/2022\/04\/06\/film-la-memoire-qui-flanche-olivier-barthelemy\/#breadcrumb","itemListElement":[{"@type":"ListItem","position":1,"name":"Accueil","item":"https:\/\/qualivcommunication.com\/"},{"@type":"ListItem","position":2,"name":"Film la m\u00e9moire qui Flanche &#8211; Olivier Barth\u00e9l\u00e9my"}]},{"@type":"WebSite","@id":"https:\/\/qualivcommunication.com\/#website","url":"https:\/\/qualivcommunication.com\/","name":"Quali V Communication","description":"","publisher":{"@id":"https:\/\/qualivcommunication.com\/#organization"},"potentialAction":[{"@type":"SearchAction","target":{"@type":"EntryPoint","urlTemplate":"https:\/\/qualivcommunication.com\/?s={search_term_string}"},"query-input":{"@type":"PropertyValueSpecification","valueRequired":true,"valueName":"search_term_string"}}],"inLanguage":"fr-FR"},{"@type":"Organization","@id":"https:\/\/qualivcommunication.com\/#organization","name":"Quali V Communication","url":"https:\/\/qualivcommunication.com\/","logo":{"@type":"ImageObject","inLanguage":"fr-FR","@id":"https:\/\/qualivcommunication.com\/#\/schema\/logo\/image\/","url":"https:\/\/qualivcommunication.com\/wp-content\/uploads\/2021\/01\/Quali-V-couleur.jpg","contentUrl":"https:\/\/qualivcommunication.com\/wp-content\/uploads\/2021\/01\/Quali-V-couleur.jpg","width":1905,"height":1091,"caption":"Quali V Communication"},"image":{"@id":"https:\/\/qualivcommunication.com\/#\/schema\/logo\/image\/"},"sameAs":["https:\/\/www.facebook.com\/Qualivcommunication\/","https:\/\/www.instagram.com\/quali_v_communication\/"]},{"@type":"Person","@id":"https:\/\/qualivcommunication.com\/#\/schema\/person\/62892caf089a940b6f30b99830a42cc7","name":"Quali V Communication","image":{"@type":"ImageObject","inLanguage":"fr-FR","@id":"https:\/\/qualivcommunication.com\/#\/schema\/person\/image\/","url":"https:\/\/secure.gravatar.com\/avatar\/23122e266cbf42f347415c02c307f6a2?s=96&d=mm&r=g","contentUrl":"https:\/\/secure.gravatar.com\/avatar\/23122e266cbf42f347415c02c307f6a2?s=96&d=mm&r=g","caption":"Quali V Communication"},"sameAs":["http:\/\/qualivcommunication.com"],"url":"https:\/\/qualivcommunication.com\/index.php\/author\/admin4734\/"}]}},"_links":{"self":[{"href":"https:\/\/qualivcommunication.com\/index.php\/wp-json\/wp\/v2\/posts\/2224","targetHints":{"allow":["GET"]}}],"collection":[{"href":"https:\/\/qualivcommunication.com\/index.php\/wp-json\/wp\/v2\/posts"}],"about":[{"href":"https:\/\/qualivcommunication.com\/index.php\/wp-json\/wp\/v2\/types\/post"}],"author":[{"embeddable":true,"href":"https:\/\/qualivcommunication.com\/index.php\/wp-json\/wp\/v2\/users\/1"}],"replies":[{"embeddable":true,"href":"https:\/\/qualivcommunication.com\/index.php\/wp-json\/wp\/v2\/comments?post=2224"}],"version-history":[{"count":12,"href":"https:\/\/qualivcommunication.com\/index.php\/wp-json\/wp\/v2\/posts\/2224\/revisions"}],"predecessor-version":[{"id":2379,"href":"https:\/\/qualivcommunication.com\/index.php\/wp-json\/wp\/v2\/posts\/2224\/revisions\/2379"}],"wp:attachment":[{"href":"https:\/\/qualivcommunication.com\/index.php\/wp-json\/wp\/v2\/media?parent=2224"}],"wp:term":[{"taxonomy":"category","embeddable":true,"href":"https:\/\/qualivcommunication.com\/index.php\/wp-json\/wp\/v2\/categories?post=2224"},{"taxonomy":"post_tag","embeddable":true,"href":"https:\/\/qualivcommunication.com\/index.php\/wp-json\/wp\/v2\/tags?post=2224"}],"curies":[{"name":"wp","href":"https:\/\/api.w.org\/{rel}","templated":true}]}}